{"id":79670,"date":"2020-02-05T08:48:57","date_gmt":"2020-02-05T08:48:57","guid":{"rendered":"http:\/\/macbook-pro.local\/webs\/fg_old\/noticias\/acord-de-col%c2%b7laboracio-amb-la-fundacio-esmen\/"},"modified":"2024-07-10T17:34:39","modified_gmt":"2024-07-10T15:34:39","slug":"acuerdo-de-colaboracion-con-la-fundacion-esmen","status":"publish","type":"noticias","link":"https:\/\/www.fisiogestion.com\/ca\/noticias\/acuerdo-de-colaboracion-con-la-fundacion-esmen\/","title":{"rendered":"Acord de col\u00b7laboraci\u00f3 amb la Fundaci\u00f3 Esmen"},"content":{"rendered":"<p>&nbsp;<\/p>\n<p>Corporaci\u00f3 Fisiogesti\u00f3n ha signat un acord amb la Fundaci\u00f3 Esmen per l&#8217;adaptaci\u00f3 dels tractaments del m\u00e8tode Feskits al perfil espec\u00edfic de persones amb discapacitat i autisme, amb l&#8217;objectiu de donar una atenci\u00f3 especialitzada a totes les persones usu\u00e0ries del centre ocupacional, aix\u00ed com per a emergir com a entitat de refer\u00e8ncia en l&#8217;\u00fas de les TIC en el sector de la discapacitat intel\u00b7lectual.<\/p>\n","protected":false},"featured_media":79738,"template":"","categories":[],"class_list":["post-79670","noticias","type-noticias","status-publish","has-post-thumbnail","hentry"],"acf":[],"yoast_head":"<!-- This site is optimized with the Yoast SEO plugin v27.3 - https:\/\/yoast.com\/product\/yoast-seo-wordpress\/ -->\n<title>Acord de col\u00b7laboraci\u00f3 amb la Fundaci\u00f3 Esmen | Corporaci\u00f3 Fisiogesti\u00f3n<\/title>\n<meta name=\"robots\" content=\"index, follow, max-snippet:-1, max-image-preview:large, max-video-preview:-1\" \/>\n<link rel=\"canonical\" href=\"https:\/\/www.fisiogestion.com\/ca\/noticias\/acuerdo-de-colaboracion-con-la-fundacion-esmen\/\" \/>\n<meta property=\"og:locale\" content=\"ca_ES\" \/>\n<meta property=\"og:type\" content=\"article\" \/>\n<meta property=\"og:title\" content=\"Acord de col\u00b7laboraci\u00f3 amb la Fundaci\u00f3 Esmen | Corporaci\u00f3 Fisiogesti\u00f3n\" \/>\n<meta property=\"og:description\" content=\"&nbsp; Corporaci\u00f3 Fisiogesti\u00f3n ha signat un acord amb la Fundaci\u00f3 Esmen per l&#8217;adaptaci\u00f3 dels tractaments del m\u00e8tode Feskits al perfil espec\u00edfic de persones amb discapacitat i autisme, amb l&#8217;objectiu de donar una atenci\u00f3 especialitzada a totes les persones usu\u00e0ries del centre ocupacional, aix\u00ed com per a emergir com a entitat de refer\u00e8ncia en l&#8217;\u00fas de [&hellip;]\" \/>\n<meta property=\"og:url\" content=\"https:\/\/www.fisiogestion.com\/ca\/noticias\/acuerdo-de-colaboracion-con-la-fundacion-esmen\/\" \/>\n<meta property=\"og:site_name\" content=\"Corporaci\u00f3 Fisiogesti\u00f3n\" \/>\n<meta property=\"article:modified_time\" content=\"2024-07-10T15:34:39+00:00\" \/>\n<meta property=\"og:image\" content=\"https:\/\/www.fisiogestion.com\/wp-content\/uploads\/2020\/02\/Foto-signatura_-conveni_20191129_01-1024x768-1.jpg\" \/>\n\t<meta property=\"og:image:width\" content=\"360\" \/>\n\t<meta property=\"og:image:height\" content=\"320\" \/>\n\t<meta property=\"og:image:type\" content=\"image\/jpeg\" \/>\n<meta name=\"twitter:card\" content=\"summary_large_image\" \/>\n<!-- \/ Yoast SEO plugin. -->","yoast_head_json":{"title":"Acord de col\u00b7laboraci\u00f3 amb la Fundaci\u00f3 Esmen | Corporaci\u00f3 Fisiogesti\u00f3n","robots":{"index":"index","follow":"follow","max-snippet":"max-snippet:-1","max-image-preview":"max-image-preview:large","max-video-preview":"max-video-preview:-1"},"canonical":"https:\/\/www.fisiogestion.com\/ca\/noticias\/acuerdo-de-colaboracion-con-la-fundacion-esmen\/","og_locale":"ca_ES","og_type":"article","og_title":"Acord de col\u00b7laboraci\u00f3 amb la Fundaci\u00f3 Esmen | Corporaci\u00f3 Fisiogesti\u00f3n","og_description":"&nbsp; Corporaci\u00f3 Fisiogesti\u00f3n ha signat un acord amb la Fundaci\u00f3 Esmen per l&#8217;adaptaci\u00f3 dels tractaments del m\u00e8tode Feskits al perfil espec\u00edfic de persones amb discapacitat i autisme, amb l&#8217;objectiu de donar una atenci\u00f3 especialitzada a totes les persones usu\u00e0ries del centre ocupacional, aix\u00ed com per a emergir com a entitat de refer\u00e8ncia en l&#8217;\u00fas de [&hellip;]","og_url":"https:\/\/www.fisiogestion.com\/ca\/noticias\/acuerdo-de-colaboracion-con-la-fundacion-esmen\/","og_site_name":"Corporaci\u00f3 Fisiogesti\u00f3n","article_modified_time":"2024-07-10T15:34:39+00:00","og_image":[{"width":360,"height":320,"url":"https:\/\/www.fisiogestion.com\/wp-content\/uploads\/2020\/02\/Foto-signatura_-conveni_20191129_01-1024x768-1.jpg","type":"image\/jpeg"}],"twitter_card":"summary_large_image","schema":{"@context":"https:\/\/schema.org","@graph":[{"@type":["WebPage","ItemPage"],"@id":"https:\/\/www.fisiogestion.com\/ca\/noticias\/acuerdo-de-colaboracion-con-la-fundacion-esmen\/","url":"https:\/\/www.fisiogestion.com\/ca\/noticias\/acuerdo-de-colaboracion-con-la-fundacion-esmen\/","name":"Acord de col\u00b7laboraci\u00f3 amb la Fundaci\u00f3 Esmen | Corporaci\u00f3 Fisiogesti\u00f3n","isPartOf":{"@id":"https:\/\/www.fisiogestion.com\/ca\/#website"},"primaryImageOfPage":{"@id":"https:\/\/www.fisiogestion.com\/ca\/noticias\/acuerdo-de-colaboracion-con-la-fundacion-esmen\/#primaryimage"},"image":{"@id":"https:\/\/www.fisiogestion.com\/ca\/noticias\/acuerdo-de-colaboracion-con-la-fundacion-esmen\/#primaryimage"},"thumbnailUrl":"https:\/\/www.fisiogestion.com\/wp-content\/uploads\/2020\/02\/Foto-signatura_-conveni_20191129_01-1024x768-1.jpg","datePublished":"2020-02-05T08:48:57+00:00","dateModified":"2024-07-10T15:34:39+00:00","breadcrumb":{"@id":"https:\/\/www.fisiogestion.com\/ca\/noticias\/acuerdo-de-colaboracion-con-la-fundacion-esmen\/#breadcrumb"},"inLanguage":"ca","potentialAction":[{"@type":"ReadAction","target":["https:\/\/www.fisiogestion.com\/ca\/noticias\/acuerdo-de-colaboracion-con-la-fundacion-esmen\/"]}]},{"@type":"ImageObject","inLanguage":"ca","@id":"https:\/\/www.fisiogestion.com\/ca\/noticias\/acuerdo-de-colaboracion-con-la-fundacion-esmen\/#primaryimage","url":"https:\/\/www.fisiogestion.com\/wp-content\/uploads\/2020\/02\/Foto-signatura_-conveni_20191129_01-1024x768-1.jpg","contentUrl":"https:\/\/www.fisiogestion.com\/wp-content\/uploads\/2020\/02\/Foto-signatura_-conveni_20191129_01-1024x768-1.jpg","width":360,"height":320},{"@type":"BreadcrumbList","@id":"https:\/\/www.fisiogestion.com\/ca\/noticias\/acuerdo-de-colaboracion-con-la-fundacion-esmen\/#breadcrumb","itemListElement":[{"@type":"ListItem","position":1,"name":"Inici","item":"https:\/\/www.fisiogestion.com\/ca\/"},{"@type":"ListItem","position":2,"name":"Noticias","item":"https:\/\/www.fisiogestion.com\/ca\/noticias\/"},{"@type":"ListItem","position":3,"name":"Acord de col\u00b7laboraci\u00f3 amb la Fundaci\u00f3 Esmen"}]},{"@type":"WebSite","@id":"https:\/\/www.fisiogestion.com\/ca\/#website","url":"https:\/\/www.fisiogestion.com\/ca\/","name":"Corporaci\u00f3 Fisiogesti\u00f3n","description":"Una nova manera d&#039;entendre la rehabilitaci\u00f3 i la cura integral de les persones","publisher":{"@id":"https:\/\/www.fisiogestion.com\/ca\/#organization"},"potentialAction":[{"@type":"SearchAction","target":{"@type":"EntryPoint","urlTemplate":"https:\/\/www.fisiogestion.com\/ca\/?s={search_term_string}"},"query-input":{"@type":"PropertyValueSpecification","valueRequired":true,"valueName":"search_term_string"}}],"inLanguage":"ca"},{"@type":"Organization","@id":"https:\/\/www.fisiogestion.com\/ca\/#organization","name":"Corporaci\u00f3n Fisiogesti\u00f3n","url":"https:\/\/www.fisiogestion.com\/ca\/","logo":{"@type":"ImageObject","inLanguage":"ca","@id":"https:\/\/www.fisiogestion.com\/ca\/#\/schema\/logo\/image\/","url":"https:\/\/www.fisiogestion.com\/wp-content\/uploads\/2022\/07\/fisiogestion_logo_cast.svg","contentUrl":"https:\/\/www.fisiogestion.com\/wp-content\/uploads\/2022\/07\/fisiogestion_logo_cast.svg","width":100,"height":100,"caption":"Corporaci\u00f3n Fisiogesti\u00f3n"},"image":{"@id":"https:\/\/www.fisiogestion.com\/ca\/#\/schema\/logo\/image\/"}}]}},"_links":{"self":[{"href":"https:\/\/www.fisiogestion.com\/ca\/wp-json\/wp\/v2\/noticias\/79670","targetHints":{"allow":["GET"]}}],"collection":[{"href":"https:\/\/www.fisiogestion.com\/ca\/wp-json\/wp\/v2\/noticias"}],"about":[{"href":"https:\/\/www.fisiogestion.com\/ca\/wp-json\/wp\/v2\/types\/noticias"}],"wp:featuredmedia":[{"embeddable":true,"href":"https:\/\/www.fisiogestion.com\/ca\/wp-json\/wp\/v2\/media\/79738"}],"wp:attachment":[{"href":"https:\/\/www.fisiogestion.com\/ca\/wp-json\/wp\/v2\/media?parent=79670"}],"wp:term":[{"taxonomy":"category","embeddable":true,"href":"https:\/\/www.fisiogestion.com\/ca\/wp-json\/wp\/v2\/categories?post=79670"}],"curies":[{"name":"wp","href":"https:\/\/api.w.org\/{rel}","templated":true}]}}