{"id":79540,"date":"2010-05-18T16:07:45","date_gmt":"2010-05-18T16:07:45","guid":{"rendered":"http:\/\/macbook-pro.local\/webs\/fg_old\/noticias\/publicacio-de-la-8a-edicio-del-metode-de-mobilitzacio-dels-pacients\/"},"modified":"2022-08-31T09:51:47","modified_gmt":"2022-08-31T09:51:47","slug":"publicacion-de-la-8a-edicion-del-metodo-de-movilizacion-de-los-pacientes","status":"publish","type":"noticias","link":"https:\/\/www.fisiogestion.com\/ca\/noticias\/publicacion-de-la-8a-edicion-del-metodo-de-movilizacion-de-los-pacientes\/","title":{"rendered":"Publicaci\u00f3 de la 8a edici\u00f3 del M\u00e8tode de Mobilitzaci\u00f3 dels Pacients"},"content":{"rendered":"<p style=\"text-align: justify;\">El passat mes d\u00b4abril de 2010 l\u00b4editorial Elsevier \/ Masson va publicar la 8a edici\u00f3 del llibre \u201cM\u00e8tode de Mobilitzaci\u00f3 dels pacients. Ergomotricitat en l\u00b4\u00c0mbit Assistencial\u201c de Paul Dotte.<\/p>\n<p>Paul Dotte ens ofereix una nova edici\u00f3 del seu M\u00e8tode de mobilitzaci\u00f3 dels pacients, que s\u00b4ha convertit ja en una t\u00e8cnica cl\u00e0ssica i ineludible.<\/p>\n<p>La finalitat d\u00b4aquest m\u00e8tode t\u00e9 un doble prop\u00f2sit:<\/p>\n<p>&#8211; Facilitar la part f\u00edsica del treball assistencial.<br \/>\n&#8211; Promoure la participaci\u00f3 activa del pacient.<\/p>\n<p>Aquest llibre s\u00b4inclou en l\u00b4\u00e0rea de coneixement i d\u00b4habilitats pr\u00e0ctiques que conformen l\u00b4ergomotricitat. Aquesta 8a edici\u00f3 s\u00b4ha actualitzat donant continu\u00eftat a les anteriors i t\u00e9 en compte la disponibilitat d\u00b4ajudes t\u00e8cniques i d\u00b4equip especialitzat, aix\u00ed com la regulaci\u00f3 dels aixecaments i el transport de c\u00e0rregues, i les recomanacions en mat\u00e8ria de formaci\u00f3.<\/p>\n<p>La revisi\u00f3 cient\u00edfica ha estat realitzada per Fran\u00e7oise Faguet, Ferran Montagut i Vanessa Puig, professionals de la Corporaci\u00f3 Fisiogesti\u00f3n i formadors acreditats del M\u00e8tode Dotte.<\/p>\n<p>La Corporaci\u00f3 Fisiogesti\u00f3n \u00e9s actualment l\u00b4\u00fanica empresa autoritzada per SIFAM-Formaci\u00f3, per a impartir aquesta formaci\u00f3 a Espanya i pa\u00efsos llatinoamericans i compta amb un equip de 23 formadors.<\/p>\n","protected":false},"featured_media":80516,"template":"","categories":[],"class_list":["post-79540","noticias","type-noticias","status-publish","has-post-thumbnail","hentry"],"acf":[],"yoast_head":"<!-- This site is optimized with the Yoast SEO plugin v27.3 - https:\/\/yoast.com\/product\/yoast-seo-wordpress\/ -->\n<title>Publicaci\u00f3 de la 8a edici\u00f3 del M\u00e8tode de Mobilitzaci\u00f3 dels Pacients | Corporaci\u00f3 Fisiogesti\u00f3n<\/title>\n<meta name=\"robots\" content=\"index, follow, max-snippet:-1, max-image-preview:large, max-video-preview:-1\" \/>\n<link rel=\"canonical\" href=\"https:\/\/www.fisiogestion.com\/ca\/noticias\/publicacion-de-la-8a-edicion-del-metodo-de-movilizacion-de-los-pacientes\/\" \/>\n<meta property=\"og:locale\" content=\"ca_ES\" \/>\n<meta property=\"og:type\" content=\"article\" \/>\n<meta property=\"og:title\" content=\"Publicaci\u00f3 de la 8a edici\u00f3 del M\u00e8tode de Mobilitzaci\u00f3 dels Pacients | Corporaci\u00f3 Fisiogesti\u00f3n\" \/>\n<meta property=\"og:description\" content=\"El passat mes d\u00b4abril de 2010 l\u00b4editorial Elsevier \/ Masson va publicar la 8a edici\u00f3 del llibre \u201cM\u00e8tode de Mobilitzaci\u00f3 dels pacients. Ergomotricitat en l\u00b4\u00c0mbit Assistencial\u201c de Paul Dotte. Paul Dotte ens ofereix una nova edici\u00f3 del seu M\u00e8tode de mobilitzaci\u00f3 dels pacients, que s\u00b4ha convertit ja en una t\u00e8cnica cl\u00e0ssica i ineludible. La finalitat [&hellip;]\" \/>\n<meta property=\"og:url\" content=\"https:\/\/www.fisiogestion.com\/ca\/noticias\/publicacion-de-la-8a-edicion-del-metodo-de-movilizacion-de-los-pacientes\/\" \/>\n<meta property=\"og:site_name\" content=\"Corporaci\u00f3 Fisiogesti\u00f3n\" \/>\n<meta property=\"article:modified_time\" content=\"2022-08-31T09:51:47+00:00\" \/>\n<meta property=\"og:image\" content=\"https:\/\/www.fisiogestion.com\/wp-content\/uploads\/2010\/05\/content_367.jpg\" \/>\n\t<meta property=\"og:image:width\" content=\"300\" \/>\n\t<meta property=\"og:image:height\" content=\"388\" \/>\n\t<meta property=\"og:image:type\" content=\"image\/jpeg\" \/>\n<meta name=\"twitter:card\" content=\"summary_large_image\" \/>\n<!-- \/ Yoast SEO plugin. -->","yoast_head_json":{"title":"Publicaci\u00f3 de la 8a edici\u00f3 del M\u00e8tode de Mobilitzaci\u00f3 dels Pacients | Corporaci\u00f3 Fisiogesti\u00f3n","robots":{"index":"index","follow":"follow","max-snippet":"max-snippet:-1","max-image-preview":"max-image-preview:large","max-video-preview":"max-video-preview:-1"},"canonical":"https:\/\/www.fisiogestion.com\/ca\/noticias\/publicacion-de-la-8a-edicion-del-metodo-de-movilizacion-de-los-pacientes\/","og_locale":"ca_ES","og_type":"article","og_title":"Publicaci\u00f3 de la 8a edici\u00f3 del M\u00e8tode de Mobilitzaci\u00f3 dels Pacients | Corporaci\u00f3 Fisiogesti\u00f3n","og_description":"El passat mes d\u00b4abril de 2010 l\u00b4editorial Elsevier \/ Masson va publicar la 8a edici\u00f3 del llibre \u201cM\u00e8tode de Mobilitzaci\u00f3 dels pacients. Ergomotricitat en l\u00b4\u00c0mbit Assistencial\u201c de Paul Dotte. Paul Dotte ens ofereix una nova edici\u00f3 del seu M\u00e8tode de mobilitzaci\u00f3 dels pacients, que s\u00b4ha convertit ja en una t\u00e8cnica cl\u00e0ssica i ineludible. La finalitat [&hellip;]","og_url":"https:\/\/www.fisiogestion.com\/ca\/noticias\/publicacion-de-la-8a-edicion-del-metodo-de-movilizacion-de-los-pacientes\/","og_site_name":"Corporaci\u00f3 Fisiogesti\u00f3n","article_modified_time":"2022-08-31T09:51:47+00:00","og_image":[{"width":300,"height":388,"url":"https:\/\/www.fisiogestion.com\/wp-content\/uploads\/2010\/05\/content_367.jpg","type":"image\/jpeg"}],"twitter_card":"summary_large_image","schema":{"@context":"https:\/\/schema.org","@graph":[{"@type":["WebPage","ItemPage"],"@id":"https:\/\/www.fisiogestion.com\/ca\/noticias\/publicacion-de-la-8a-edicion-del-metodo-de-movilizacion-de-los-pacientes\/","url":"https:\/\/www.fisiogestion.com\/ca\/noticias\/publicacion-de-la-8a-edicion-del-metodo-de-movilizacion-de-los-pacientes\/","name":"Publicaci\u00f3 de la 8a edici\u00f3 del M\u00e8tode de Mobilitzaci\u00f3 dels Pacients | Corporaci\u00f3 Fisiogesti\u00f3n","isPartOf":{"@id":"https:\/\/www.fisiogestion.com\/ca\/#website"},"primaryImageOfPage":{"@id":"https:\/\/www.fisiogestion.com\/ca\/noticias\/publicacion-de-la-8a-edicion-del-metodo-de-movilizacion-de-los-pacientes\/#primaryimage"},"image":{"@id":"https:\/\/www.fisiogestion.com\/ca\/noticias\/publicacion-de-la-8a-edicion-del-metodo-de-movilizacion-de-los-pacientes\/#primaryimage"},"thumbnailUrl":"https:\/\/www.fisiogestion.com\/wp-content\/uploads\/2010\/05\/content_367.jpg","datePublished":"2010-05-18T16:07:45+00:00","dateModified":"2022-08-31T09:51:47+00:00","breadcrumb":{"@id":"https:\/\/www.fisiogestion.com\/ca\/noticias\/publicacion-de-la-8a-edicion-del-metodo-de-movilizacion-de-los-pacientes\/#breadcrumb"},"inLanguage":"ca","potentialAction":[{"@type":"ReadAction","target":["https:\/\/www.fisiogestion.com\/ca\/noticias\/publicacion-de-la-8a-edicion-del-metodo-de-movilizacion-de-los-pacientes\/"]}]},{"@type":"ImageObject","inLanguage":"ca","@id":"https:\/\/www.fisiogestion.com\/ca\/noticias\/publicacion-de-la-8a-edicion-del-metodo-de-movilizacion-de-los-pacientes\/#primaryimage","url":"https:\/\/www.fisiogestion.com\/wp-content\/uploads\/2010\/05\/content_367.jpg","contentUrl":"https:\/\/www.fisiogestion.com\/wp-content\/uploads\/2010\/05\/content_367.jpg","width":300,"height":388},{"@type":"BreadcrumbList","@id":"https:\/\/www.fisiogestion.com\/ca\/noticias\/publicacion-de-la-8a-edicion-del-metodo-de-movilizacion-de-los-pacientes\/#breadcrumb","itemListElement":[{"@type":"ListItem","position":1,"name":"Inici","item":"https:\/\/www.fisiogestion.com\/ca\/"},{"@type":"ListItem","position":2,"name":"Noticias","item":"https:\/\/www.fisiogestion.com\/ca\/noticias\/"},{"@type":"ListItem","position":3,"name":"Publicaci\u00f3 de la 8a edici\u00f3 del M\u00e8tode de Mobilitzaci\u00f3 dels Pacients"}]},{"@type":"WebSite","@id":"https:\/\/www.fisiogestion.com\/ca\/#website","url":"https:\/\/www.fisiogestion.com\/ca\/","name":"Corporaci\u00f3 Fisiogesti\u00f3n","description":"Una nova manera d&#039;entendre la rehabilitaci\u00f3 i la cura integral de les persones","publisher":{"@id":"https:\/\/www.fisiogestion.com\/ca\/#organization"},"potentialAction":[{"@type":"SearchAction","target":{"@type":"EntryPoint","urlTemplate":"https:\/\/www.fisiogestion.com\/ca\/?s={search_term_string}"},"query-input":{"@type":"PropertyValueSpecification","valueRequired":true,"valueName":"search_term_string"}}],"inLanguage":"ca"},{"@type":"Organization","@id":"https:\/\/www.fisiogestion.com\/ca\/#organization","name":"Corporaci\u00f3n Fisiogesti\u00f3n","url":"https:\/\/www.fisiogestion.com\/ca\/","logo":{"@type":"ImageObject","inLanguage":"ca","@id":"https:\/\/www.fisiogestion.com\/ca\/#\/schema\/logo\/image\/","url":"https:\/\/www.fisiogestion.com\/wp-content\/uploads\/2022\/07\/fisiogestion_logo_cast.svg","contentUrl":"https:\/\/www.fisiogestion.com\/wp-content\/uploads\/2022\/07\/fisiogestion_logo_cast.svg","width":100,"height":100,"caption":"Corporaci\u00f3n Fisiogesti\u00f3n"},"image":{"@id":"https:\/\/www.fisiogestion.com\/ca\/#\/schema\/logo\/image\/"}}]}},"_links":{"self":[{"href":"https:\/\/www.fisiogestion.com\/ca\/wp-json\/wp\/v2\/noticias\/79540","targetHints":{"allow":["GET"]}}],"collection":[{"href":"https:\/\/www.fisiogestion.com\/ca\/wp-json\/wp\/v2\/noticias"}],"about":[{"href":"https:\/\/www.fisiogestion.com\/ca\/wp-json\/wp\/v2\/types\/noticias"}],"wp:featuredmedia":[{"embeddable":true,"href":"https:\/\/www.fisiogestion.com\/ca\/wp-json\/wp\/v2\/media\/80516"}],"wp:attachment":[{"href":"https:\/\/www.fisiogestion.com\/ca\/wp-json\/wp\/v2\/media?parent=79540"}],"wp:term":[{"taxonomy":"category","embeddable":true,"href":"https:\/\/www.fisiogestion.com\/ca\/wp-json\/wp\/v2\/categories?post=79540"}],"curies":[{"name":"wp","href":"https:\/\/api.w.org\/{rel}","templated":true}]}}