{"id":79523,"date":"2014-09-22T15:48:52","date_gmt":"2014-09-22T15:48:52","guid":{"rendered":"http:\/\/macbook-pro.local\/webs\/fg_old\/noticias\/concessio-de-la-medalla-josep-trueta-al-merit-sanitari\/"},"modified":"2022-08-31T09:38:56","modified_gmt":"2022-08-31T09:38:56","slug":"concesion-de-la-medalla-josep-trueta-al-merito-sanitario","status":"publish","type":"noticias","link":"https:\/\/www.fisiogestion.com\/ca\/noticias\/concesion-de-la-medalla-josep-trueta-al-merito-sanitario\/","title":{"rendered":"Concessi\u00f3 de la medalla Josep Trueta al m\u00e8rit sanitari"},"content":{"rendered":"<p>El passat 15 de setembre de 2014, es va concedir la Medalla Josep Trueta al m\u00e8rit sanitari a t\u00edtol p\u00f2stum al nostre President Albert N\u00fa\u00f1ez P\u00e9rez.<\/p>\n<p>La Medalla Josep Trueta va ser creada pel Decret 310\/1997, de 9 de desembre (DOGC n\u00fam. 2578, de 13.2.1998), amb la finalitat d\u2019honorar les persones i les entitats que s\u2019hagin destacat de manera significativa pels serveis prestats amb vista al progr\u00e9s i la millora de la sanitat.<\/p>\n<p>Albert N\u00fa\u00f1ez P\u00e9rez (1944-2014)<\/p>\n<p>L\u2019any 1975 va ser el fundador i president de la Corporaci\u00f3 Fisiogesti\u00f3n, que en l\u2019actualitat est\u00e0 composta per vint-i-cinc empreses de prestaci\u00f3 de serveis en el sector de la salut, amb una \u00e0mplia pres\u00e8ncia en tot el pa\u00eds, fonamentalment en els sectors de la rehabilitaci\u00f3, la geriatria i l\u2019atenci\u00f3 sociosanit\u00e0ria.<\/p>\n<p>Va ser president de l\u2019Associaci\u00f3 Espanyola de Fisioterapeutes, fundador i director de la revista cient\u00edfica <em>Fisioterapia<\/em>, i va fundar i presidir la Confederaci\u00f3 Iberoamericana de Fisioter\u00e0pia.<\/p>\n<p>Va ser director t\u00e8cnic de l\u2019Escola de Fisioter\u00e0pia Gimbernat, adscrita a la Universitat Aut\u00f2noma de Barcelona, president de la Confederaci\u00f3 Europea de Fisioter\u00e0pia (CETP), vicepresident segon del Comit\u00e8 d\u2019Enlla\u00e7 de Professions Liberals per a la Comunitat Econ\u00f2mica Europea, deg\u00e0 del Col\u00b7legi de Fisioterapeutes de Catalunya, patr\u00f3 i vicepresident primer de la Fundaci\u00f3 Salut, Empresa i Economia, membre de la Junta Directiva de la Uni\u00f3 Catalana d\u2019Hospitals, patr\u00f3 de la Fundaci\u00f3 Uni\u00f3, membre del Consell Consultiu de La Uni\u00f3 i, a t\u00edtol p\u00f2stum, membre honor\u00edfic de La Uni\u00f3.<\/p>\n","protected":false},"featured_media":80485,"template":"","categories":[],"class_list":["post-79523","noticias","type-noticias","status-publish","has-post-thumbnail","hentry"],"acf":[],"yoast_head":"<!-- This site is optimized with the Yoast SEO plugin v27.3 - https:\/\/yoast.com\/product\/yoast-seo-wordpress\/ -->\n<title>Concessi\u00f3 de la medalla Josep Trueta al m\u00e8rit sanitari | Corporaci\u00f3 Fisiogesti\u00f3n<\/title>\n<meta name=\"robots\" content=\"index, follow, max-snippet:-1, max-image-preview:large, max-video-preview:-1\" \/>\n<link rel=\"canonical\" href=\"https:\/\/www.fisiogestion.com\/ca\/noticias\/concesion-de-la-medalla-josep-trueta-al-merito-sanitario\/\" \/>\n<meta property=\"og:locale\" content=\"ca_ES\" \/>\n<meta property=\"og:type\" content=\"article\" \/>\n<meta property=\"og:title\" content=\"Concessi\u00f3 de la medalla Josep Trueta al m\u00e8rit sanitari | Corporaci\u00f3 Fisiogesti\u00f3n\" \/>\n<meta property=\"og:description\" content=\"El passat 15 de setembre de 2014, es va concedir la Medalla Josep Trueta al m\u00e8rit sanitari a t\u00edtol p\u00f2stum al nostre President Albert N\u00fa\u00f1ez P\u00e9rez. La Medalla Josep Trueta va ser creada pel Decret 310\/1997, de 9 de desembre (DOGC n\u00fam. 2578, de 13.2.1998), amb la finalitat d\u2019honorar les persones i les entitats que [&hellip;]\" \/>\n<meta property=\"og:url\" content=\"https:\/\/www.fisiogestion.com\/ca\/noticias\/concesion-de-la-medalla-josep-trueta-al-merito-sanitario\/\" \/>\n<meta property=\"og:site_name\" content=\"Corporaci\u00f3 Fisiogesti\u00f3n\" \/>\n<meta property=\"article:modified_time\" content=\"2022-08-31T09:38:56+00:00\" \/>\n<meta property=\"og:image\" content=\"https:\/\/www.fisiogestion.com\/wp-content\/uploads\/2014\/09\/concesion-medalla-josep-trueta-1024x563-2.jpg\" \/>\n\t<meta property=\"og:image:width\" content=\"1024\" \/>\n\t<meta property=\"og:image:height\" content=\"563\" \/>\n\t<meta property=\"og:image:type\" content=\"image\/jpeg\" \/>\n<meta name=\"twitter:card\" content=\"summary_large_image\" \/>\n<!-- \/ Yoast SEO plugin. -->","yoast_head_json":{"title":"Concessi\u00f3 de la medalla Josep Trueta al m\u00e8rit sanitari | Corporaci\u00f3 Fisiogesti\u00f3n","robots":{"index":"index","follow":"follow","max-snippet":"max-snippet:-1","max-image-preview":"max-image-preview:large","max-video-preview":"max-video-preview:-1"},"canonical":"https:\/\/www.fisiogestion.com\/ca\/noticias\/concesion-de-la-medalla-josep-trueta-al-merito-sanitario\/","og_locale":"ca_ES","og_type":"article","og_title":"Concessi\u00f3 de la medalla Josep Trueta al m\u00e8rit sanitari | Corporaci\u00f3 Fisiogesti\u00f3n","og_description":"El passat 15 de setembre de 2014, es va concedir la Medalla Josep Trueta al m\u00e8rit sanitari a t\u00edtol p\u00f2stum al nostre President Albert N\u00fa\u00f1ez P\u00e9rez. La Medalla Josep Trueta va ser creada pel Decret 310\/1997, de 9 de desembre (DOGC n\u00fam. 2578, de 13.2.1998), amb la finalitat d\u2019honorar les persones i les entitats que [&hellip;]","og_url":"https:\/\/www.fisiogestion.com\/ca\/noticias\/concesion-de-la-medalla-josep-trueta-al-merito-sanitario\/","og_site_name":"Corporaci\u00f3 Fisiogesti\u00f3n","article_modified_time":"2022-08-31T09:38:56+00:00","og_image":[{"width":1024,"height":563,"url":"https:\/\/www.fisiogestion.com\/wp-content\/uploads\/2014\/09\/concesion-medalla-josep-trueta-1024x563-2.jpg","type":"image\/jpeg"}],"twitter_card":"summary_large_image","schema":{"@context":"https:\/\/schema.org","@graph":[{"@type":["WebPage","ItemPage"],"@id":"https:\/\/www.fisiogestion.com\/ca\/noticias\/concesion-de-la-medalla-josep-trueta-al-merito-sanitario\/","url":"https:\/\/www.fisiogestion.com\/ca\/noticias\/concesion-de-la-medalla-josep-trueta-al-merito-sanitario\/","name":"Concessi\u00f3 de la medalla Josep Trueta al m\u00e8rit sanitari | Corporaci\u00f3 Fisiogesti\u00f3n","isPartOf":{"@id":"https:\/\/www.fisiogestion.com\/ca\/#website"},"primaryImageOfPage":{"@id":"https:\/\/www.fisiogestion.com\/ca\/noticias\/concesion-de-la-medalla-josep-trueta-al-merito-sanitario\/#primaryimage"},"image":{"@id":"https:\/\/www.fisiogestion.com\/ca\/noticias\/concesion-de-la-medalla-josep-trueta-al-merito-sanitario\/#primaryimage"},"thumbnailUrl":"https:\/\/www.fisiogestion.com\/wp-content\/uploads\/2014\/09\/concesion-medalla-josep-trueta-1024x563-2.jpg","datePublished":"2014-09-22T15:48:52+00:00","dateModified":"2022-08-31T09:38:56+00:00","breadcrumb":{"@id":"https:\/\/www.fisiogestion.com\/ca\/noticias\/concesion-de-la-medalla-josep-trueta-al-merito-sanitario\/#breadcrumb"},"inLanguage":"ca","potentialAction":[{"@type":"ReadAction","target":["https:\/\/www.fisiogestion.com\/ca\/noticias\/concesion-de-la-medalla-josep-trueta-al-merito-sanitario\/"]}]},{"@type":"ImageObject","inLanguage":"ca","@id":"https:\/\/www.fisiogestion.com\/ca\/noticias\/concesion-de-la-medalla-josep-trueta-al-merito-sanitario\/#primaryimage","url":"https:\/\/www.fisiogestion.com\/wp-content\/uploads\/2014\/09\/concesion-medalla-josep-trueta-1024x563-2.jpg","contentUrl":"https:\/\/www.fisiogestion.com\/wp-content\/uploads\/2014\/09\/concesion-medalla-josep-trueta-1024x563-2.jpg","width":1024,"height":563},{"@type":"BreadcrumbList","@id":"https:\/\/www.fisiogestion.com\/ca\/noticias\/concesion-de-la-medalla-josep-trueta-al-merito-sanitario\/#breadcrumb","itemListElement":[{"@type":"ListItem","position":1,"name":"Inici","item":"https:\/\/www.fisiogestion.com\/ca\/"},{"@type":"ListItem","position":2,"name":"Noticias","item":"https:\/\/www.fisiogestion.com\/ca\/noticias\/"},{"@type":"ListItem","position":3,"name":"Concessi\u00f3 de la medalla Josep Trueta al m\u00e8rit sanitari"}]},{"@type":"WebSite","@id":"https:\/\/www.fisiogestion.com\/ca\/#website","url":"https:\/\/www.fisiogestion.com\/ca\/","name":"Corporaci\u00f3 Fisiogesti\u00f3n","description":"Una nova manera d&#039;entendre la rehabilitaci\u00f3 i la cura integral de les persones","publisher":{"@id":"https:\/\/www.fisiogestion.com\/ca\/#organization"},"potentialAction":[{"@type":"SearchAction","target":{"@type":"EntryPoint","urlTemplate":"https:\/\/www.fisiogestion.com\/ca\/?s={search_term_string}"},"query-input":{"@type":"PropertyValueSpecification","valueRequired":true,"valueName":"search_term_string"}}],"inLanguage":"ca"},{"@type":"Organization","@id":"https:\/\/www.fisiogestion.com\/ca\/#organization","name":"Corporaci\u00f3n Fisiogesti\u00f3n","url":"https:\/\/www.fisiogestion.com\/ca\/","logo":{"@type":"ImageObject","inLanguage":"ca","@id":"https:\/\/www.fisiogestion.com\/ca\/#\/schema\/logo\/image\/","url":"https:\/\/www.fisiogestion.com\/wp-content\/uploads\/2022\/07\/fisiogestion_logo_cast.svg","contentUrl":"https:\/\/www.fisiogestion.com\/wp-content\/uploads\/2022\/07\/fisiogestion_logo_cast.svg","width":100,"height":100,"caption":"Corporaci\u00f3n Fisiogesti\u00f3n"},"image":{"@id":"https:\/\/www.fisiogestion.com\/ca\/#\/schema\/logo\/image\/"}}]}},"_links":{"self":[{"href":"https:\/\/www.fisiogestion.com\/ca\/wp-json\/wp\/v2\/noticias\/79523","targetHints":{"allow":["GET"]}}],"collection":[{"href":"https:\/\/www.fisiogestion.com\/ca\/wp-json\/wp\/v2\/noticias"}],"about":[{"href":"https:\/\/www.fisiogestion.com\/ca\/wp-json\/wp\/v2\/types\/noticias"}],"wp:featuredmedia":[{"embeddable":true,"href":"https:\/\/www.fisiogestion.com\/ca\/wp-json\/wp\/v2\/media\/80485"}],"wp:attachment":[{"href":"https:\/\/www.fisiogestion.com\/ca\/wp-json\/wp\/v2\/media?parent=79523"}],"wp:term":[{"taxonomy":"category","embeddable":true,"href":"https:\/\/www.fisiogestion.com\/ca\/wp-json\/wp\/v2\/categories?post=79523"}],"curies":[{"name":"wp","href":"https:\/\/api.w.org\/{rel}","templated":true}]}}