{"id":79521,"date":"2014-10-28T15:44:32","date_gmt":"2014-10-28T15:44:32","guid":{"rendered":"http:\/\/macbook-pro.local\/webs\/fg_old\/noticias\/homenatge-del-col%c2%b7legi-de-fisioterapeutes-de-catalunya-al-nostre-president-alberto-nunez-perez\/"},"modified":"2022-08-31T09:37:12","modified_gmt":"2022-08-31T09:37:12","slug":"homenaje-del-col%c2%b7legi-de-fisioterapeutes-de-catalunya-a-nuestro-presidente-alberto-nunez-perez","status":"publish","type":"noticias","link":"https:\/\/www.fisiogestion.com\/ca\/noticias\/homenaje-del-col%c2%b7legi-de-fisioterapeutes-de-catalunya-a-nuestro-presidente-alberto-nunez-perez\/","title":{"rendered":"Homenatge del Col\u00b7legi de Fisioterapeutes de Catalunya al nostre President Alberto N\u00fa\u00f1ez P\u00e9rez"},"content":{"rendered":"<p>El passat 24 d\u2019octubre de 2014 el Col\u00b7legi de Fisioterapeutes de Catalunya va realitzar un homenatge al nostre President Sr. Albert N\u00fa\u00f1ez P\u00e9rez, impulsor, primer deg\u00e0 i deg\u00e0 honor\u00edfic del Col\u00b7legi de Fisioterapeutes de Catalunya i membre del seu Consell Social, en reconeixement a la seva aportaci\u00f3 a la Fisioter\u00e0pia catalana.<\/p>\n<p>Sr. Manel Domingo Corchos actual deg\u00e0 del Col\u00b7legi de Fisioterapeutes de Catalunya, el Sr. Francesc Escarm\u00eds, exdeg\u00e0, i el Sr. Miguel Villafaina, president del <em>Consejo General de Colegios de Fisioterapeutas de Espa\u00f1a<\/em>, van dedicar-li unes emocionades i sentides paraules.<\/p>\n<p>El director General de la Corporaci\u00f3 Fisiogesti\u00f3n, Sr. Carles N\u00fa\u00f1ez va recollir la placa commemorativa.<\/p>\n","protected":false},"featured_media":80479,"template":"","categories":[],"class_list":["post-79521","noticias","type-noticias","status-publish","has-post-thumbnail","hentry"],"acf":[],"yoast_head":"<!-- This site is optimized with the Yoast SEO plugin v27.3 - https:\/\/yoast.com\/product\/yoast-seo-wordpress\/ -->\n<title>Homenatge del Col\u00b7legi de Fisioterapeutes de Catalunya al nostre President Alberto N\u00fa\u00f1ez P\u00e9rez | Corporaci\u00f3 Fisiogesti\u00f3n<\/title>\n<meta name=\"robots\" content=\"index, follow, max-snippet:-1, max-image-preview:large, max-video-preview:-1\" \/>\n<link rel=\"canonical\" href=\"https:\/\/www.fisiogestion.com\/ca\/noticias\/homenaje-del-col%c2%b7legi-de-fisioterapeutes-de-catalunya-a-nuestro-presidente-alberto-nunez-perez\/\" \/>\n<meta property=\"og:locale\" content=\"ca_ES\" \/>\n<meta property=\"og:type\" content=\"article\" \/>\n<meta property=\"og:title\" content=\"Homenatge del Col\u00b7legi de Fisioterapeutes de Catalunya al nostre President Alberto N\u00fa\u00f1ez P\u00e9rez | Corporaci\u00f3 Fisiogesti\u00f3n\" \/>\n<meta property=\"og:description\" content=\"El passat 24 d\u2019octubre de 2014 el Col\u00b7legi de Fisioterapeutes de Catalunya va realitzar un homenatge al nostre President Sr. Albert N\u00fa\u00f1ez P\u00e9rez, impulsor, primer deg\u00e0 i deg\u00e0 honor\u00edfic del Col\u00b7legi de Fisioterapeutes de Catalunya i membre del seu Consell Social, en reconeixement a la seva aportaci\u00f3 a la Fisioter\u00e0pia catalana. Sr. Manel Domingo Corchos [&hellip;]\" \/>\n<meta property=\"og:url\" content=\"https:\/\/www.fisiogestion.com\/ca\/noticias\/homenaje-del-col%c2%b7legi-de-fisioterapeutes-de-catalunya-a-nuestro-presidente-alberto-nunez-perez\/\" \/>\n<meta property=\"og:site_name\" content=\"Corporaci\u00f3 Fisiogesti\u00f3n\" \/>\n<meta property=\"article:modified_time\" content=\"2022-08-31T09:37:12+00:00\" \/>\n<meta property=\"og:image\" content=\"https:\/\/www.fisiogestion.com\/wp-content\/uploads\/2014\/10\/20141106_135857-1024x806-1.jpg\" \/>\n\t<meta property=\"og:image:width\" content=\"1024\" \/>\n\t<meta property=\"og:image:height\" content=\"806\" \/>\n\t<meta property=\"og:image:type\" content=\"image\/jpeg\" \/>\n<meta name=\"twitter:card\" content=\"summary_large_image\" \/>\n<!-- \/ Yoast SEO plugin. -->","yoast_head_json":{"title":"Homenatge del Col\u00b7legi de Fisioterapeutes de Catalunya al nostre President Alberto N\u00fa\u00f1ez P\u00e9rez | Corporaci\u00f3 Fisiogesti\u00f3n","robots":{"index":"index","follow":"follow","max-snippet":"max-snippet:-1","max-image-preview":"max-image-preview:large","max-video-preview":"max-video-preview:-1"},"canonical":"https:\/\/www.fisiogestion.com\/ca\/noticias\/homenaje-del-col%c2%b7legi-de-fisioterapeutes-de-catalunya-a-nuestro-presidente-alberto-nunez-perez\/","og_locale":"ca_ES","og_type":"article","og_title":"Homenatge del Col\u00b7legi de Fisioterapeutes de Catalunya al nostre President Alberto N\u00fa\u00f1ez P\u00e9rez | Corporaci\u00f3 Fisiogesti\u00f3n","og_description":"El passat 24 d\u2019octubre de 2014 el Col\u00b7legi de Fisioterapeutes de Catalunya va realitzar un homenatge al nostre President Sr. Albert N\u00fa\u00f1ez P\u00e9rez, impulsor, primer deg\u00e0 i deg\u00e0 honor\u00edfic del Col\u00b7legi de Fisioterapeutes de Catalunya i membre del seu Consell Social, en reconeixement a la seva aportaci\u00f3 a la Fisioter\u00e0pia catalana. Sr. Manel Domingo Corchos [&hellip;]","og_url":"https:\/\/www.fisiogestion.com\/ca\/noticias\/homenaje-del-col%c2%b7legi-de-fisioterapeutes-de-catalunya-a-nuestro-presidente-alberto-nunez-perez\/","og_site_name":"Corporaci\u00f3 Fisiogesti\u00f3n","article_modified_time":"2022-08-31T09:37:12+00:00","og_image":[{"width":1024,"height":806,"url":"https:\/\/www.fisiogestion.com\/wp-content\/uploads\/2014\/10\/20141106_135857-1024x806-1.jpg","type":"image\/jpeg"}],"twitter_card":"summary_large_image","schema":{"@context":"https:\/\/schema.org","@graph":[{"@type":["WebPage","ItemPage"],"@id":"https:\/\/www.fisiogestion.com\/ca\/noticias\/homenaje-del-col%c2%b7legi-de-fisioterapeutes-de-catalunya-a-nuestro-presidente-alberto-nunez-perez\/","url":"https:\/\/www.fisiogestion.com\/ca\/noticias\/homenaje-del-col%c2%b7legi-de-fisioterapeutes-de-catalunya-a-nuestro-presidente-alberto-nunez-perez\/","name":"Homenatge del Col\u00b7legi de Fisioterapeutes de Catalunya al nostre President Alberto N\u00fa\u00f1ez P\u00e9rez | Corporaci\u00f3 Fisiogesti\u00f3n","isPartOf":{"@id":"https:\/\/www.fisiogestion.com\/ca\/#website"},"primaryImageOfPage":{"@id":"https:\/\/www.fisiogestion.com\/ca\/noticias\/homenaje-del-col%c2%b7legi-de-fisioterapeutes-de-catalunya-a-nuestro-presidente-alberto-nunez-perez\/#primaryimage"},"image":{"@id":"https:\/\/www.fisiogestion.com\/ca\/noticias\/homenaje-del-col%c2%b7legi-de-fisioterapeutes-de-catalunya-a-nuestro-presidente-alberto-nunez-perez\/#primaryimage"},"thumbnailUrl":"https:\/\/www.fisiogestion.com\/wp-content\/uploads\/2014\/10\/20141106_135857-1024x806-1.jpg","datePublished":"2014-10-28T15:44:32+00:00","dateModified":"2022-08-31T09:37:12+00:00","breadcrumb":{"@id":"https:\/\/www.fisiogestion.com\/ca\/noticias\/homenaje-del-col%c2%b7legi-de-fisioterapeutes-de-catalunya-a-nuestro-presidente-alberto-nunez-perez\/#breadcrumb"},"inLanguage":"ca","potentialAction":[{"@type":"ReadAction","target":["https:\/\/www.fisiogestion.com\/ca\/noticias\/homenaje-del-col%c2%b7legi-de-fisioterapeutes-de-catalunya-a-nuestro-presidente-alberto-nunez-perez\/"]}]},{"@type":"ImageObject","inLanguage":"ca","@id":"https:\/\/www.fisiogestion.com\/ca\/noticias\/homenaje-del-col%c2%b7legi-de-fisioterapeutes-de-catalunya-a-nuestro-presidente-alberto-nunez-perez\/#primaryimage","url":"https:\/\/www.fisiogestion.com\/wp-content\/uploads\/2014\/10\/20141106_135857-1024x806-1.jpg","contentUrl":"https:\/\/www.fisiogestion.com\/wp-content\/uploads\/2014\/10\/20141106_135857-1024x806-1.jpg","width":1024,"height":806},{"@type":"BreadcrumbList","@id":"https:\/\/www.fisiogestion.com\/ca\/noticias\/homenaje-del-col%c2%b7legi-de-fisioterapeutes-de-catalunya-a-nuestro-presidente-alberto-nunez-perez\/#breadcrumb","itemListElement":[{"@type":"ListItem","position":1,"name":"Inici","item":"https:\/\/www.fisiogestion.com\/ca\/"},{"@type":"ListItem","position":2,"name":"Noticias","item":"https:\/\/www.fisiogestion.com\/ca\/noticias\/"},{"@type":"ListItem","position":3,"name":"Homenatge del Col\u00b7legi de Fisioterapeutes de Catalunya al nostre President Alberto N\u00fa\u00f1ez P\u00e9rez"}]},{"@type":"WebSite","@id":"https:\/\/www.fisiogestion.com\/ca\/#website","url":"https:\/\/www.fisiogestion.com\/ca\/","name":"Corporaci\u00f3 Fisiogesti\u00f3n","description":"Una nova manera d&#039;entendre la rehabilitaci\u00f3 i la cura integral de les persones","publisher":{"@id":"https:\/\/www.fisiogestion.com\/ca\/#organization"},"potentialAction":[{"@type":"SearchAction","target":{"@type":"EntryPoint","urlTemplate":"https:\/\/www.fisiogestion.com\/ca\/?s={search_term_string}"},"query-input":{"@type":"PropertyValueSpecification","valueRequired":true,"valueName":"search_term_string"}}],"inLanguage":"ca"},{"@type":"Organization","@id":"https:\/\/www.fisiogestion.com\/ca\/#organization","name":"Corporaci\u00f3n Fisiogesti\u00f3n","url":"https:\/\/www.fisiogestion.com\/ca\/","logo":{"@type":"ImageObject","inLanguage":"ca","@id":"https:\/\/www.fisiogestion.com\/ca\/#\/schema\/logo\/image\/","url":"https:\/\/www.fisiogestion.com\/wp-content\/uploads\/2022\/07\/fisiogestion_logo_cast.svg","contentUrl":"https:\/\/www.fisiogestion.com\/wp-content\/uploads\/2022\/07\/fisiogestion_logo_cast.svg","width":100,"height":100,"caption":"Corporaci\u00f3n Fisiogesti\u00f3n"},"image":{"@id":"https:\/\/www.fisiogestion.com\/ca\/#\/schema\/logo\/image\/"}}]}},"_links":{"self":[{"href":"https:\/\/www.fisiogestion.com\/ca\/wp-json\/wp\/v2\/noticias\/79521","targetHints":{"allow":["GET"]}}],"collection":[{"href":"https:\/\/www.fisiogestion.com\/ca\/wp-json\/wp\/v2\/noticias"}],"about":[{"href":"https:\/\/www.fisiogestion.com\/ca\/wp-json\/wp\/v2\/types\/noticias"}],"wp:featuredmedia":[{"embeddable":true,"href":"https:\/\/www.fisiogestion.com\/ca\/wp-json\/wp\/v2\/media\/80479"}],"wp:attachment":[{"href":"https:\/\/www.fisiogestion.com\/ca\/wp-json\/wp\/v2\/media?parent=79521"}],"wp:term":[{"taxonomy":"category","embeddable":true,"href":"https:\/\/www.fisiogestion.com\/ca\/wp-json\/wp\/v2\/categories?post=79521"}],"curies":[{"name":"wp","href":"https:\/\/api.w.org\/{rel}","templated":true}]}}